{"id":38358,"date":"2022-11-17T13:21:47","date_gmt":"2022-11-17T12:21:47","guid":{"rendered":"https:\/\/www.strimeo.tv\/?p=38358"},"modified":"2022-11-17T13:21:47","modified_gmt":"2022-11-17T12:21:47","slug":"parowa-daje-czadu-wies-ma-najgorsze-powietrze-w-powiecie","status":"publish","type":"post","link":"https:\/\/strimeo.tv\/archiwum\/parowa-daje-czadu-wies-ma-najgorsze-powietrze-w-powiecie\/","title":{"rendered":"Parowa daje &#8220;czadu&#8221; &#8211; wie\u015b ma najgorsze powietrze w powiecie!"},"content":{"rendered":"\n<p><strong>Czujnik smogu na szkole w Parowej wykaza\u0142 wczoraj 140 mikrogram\u00f3w PM2,5 na metr sze\u015bcienny. Raz wykaza\u0142 nawet 224 mcg\/m3. Podobne zanieczyszczenie jest w&#8230; D\u0105browie G\u00f3rniczej.<\/strong><\/p>\n\n\n\n<figure class=\"wp-block-image size-large is-resized\"><img fetchpriority=\"high\" decoding=\"async\" src=\"https:\/\/www.strimeo.tv\/wp-content\/uploads\/2022\/11\/z26543570IERSmog.jpg\" alt=\"\" class=\"wp-image-38363\" width=\"832\" height=\"468\" srcset=\"https:\/\/strimeo.tv\/archiwum\/wp-content\/uploads\/2022\/11\/z26543570IERSmog.jpg 1536w, https:\/\/strimeo.tv\/archiwum\/wp-content\/uploads\/2022\/11\/z26543570IERSmog-300x169.jpg 300w, https:\/\/strimeo.tv\/archiwum\/wp-content\/uploads\/2022\/11\/z26543570IERSmog-768x432.jpg 768w, https:\/\/strimeo.tv\/archiwum\/wp-content\/uploads\/2022\/11\/z26543570IERSmog-400x225.jpg 400w, https:\/\/strimeo.tv\/archiwum\/wp-content\/uploads\/2022\/11\/z26543570IERSmog-1200x675-cropped.jpg 1200w\" sizes=\"(max-width: 832px) 100vw, 832px\" \/><\/figure>\n\n\n\n<p>Czujnik smogu z Edukacyjnej Sieci Antysmogowej zamontowany na Szkole Podstawowej w Parowej od rana \u015bwieci\u0142 si\u0119 na czerwono i wykaza\u0142\u00a0140 mikrogram\u00f3w PM2,5 na metr sze\u015bcienny (aktualna norma dobowa wed\u0142ug \u015awiatowej Organizacji Zdrowia\u00a0to 15 \u00b5g\/m3). To dziesi\u0119ciokrotne przekroczenie normy!<\/p>\n\n\n\n<p>Podobne zanieczyszczenie w Polsce mo\u017cna znale\u017a\u0107 obecnie tylko w okolicach D\u0105browy G\u00f3rniczej, gdzie mie\u015bci si\u0119 kilka kopal\u0144. Wynik Parowej jest najgorszy w naszym w powiecie i jak na miejscowo\u015b\u0107 otoczon\u0105 borami dolno\u015bl\u0105skimi, mo\u017cna powiedzie\u0107, \u017ce wynik jest wybitnie z\u0142y.<\/p>\n\n\n\n<p>&#8220;<em>Faktycznie, dzieci od rana skar\u017c\u0105 si\u0119 na dym i powietrze. Zaniepokoi\u0142 je r\u00f3wnie\u017c czerwony kolor czujnika. Sama widz\u0119, \u017ce w ca\u0142ej miejscowo\u015bci jest siwo &#8211;\u00a0<\/em>przekaza\u0142a nam\u00a0<strong>Anna Sygut<\/strong>, dyrektor SP w Parowej.\u00a0<em>&#8211; Zakaza\u0142am dzi\u015b uczniom szko\u0142y\u00a0wychodzenia na dw\u00f3r&#8221;.<\/em><\/p>\n\n\n\n<p><em>&#8220;Czu\u0142am\u00a0potworny smog id\u0105c rano z dzie\u0107mi do szko\u0142y&#8221; &#8211;\u00a0<\/em>m\u00f3wi nam jedna z mieszkanek wsi. Od paru os\u00f3b ze wsi us\u0142yszeli\u015bmy sugestie, \u017ce winna smogu mo\u017ce by\u0107 tamtejsza Ceramik WIZA s\u0105siaduj\u0105ca ze szko\u0142\u0105.\u00a0<\/p>\n\n\n\n<p><strong>Pawe\u0142 Bulda\u0144czyk<\/strong>, kierownik produkcji w tym zak\u0142adzie poinformowa\u0142 nas, \u017ce firma nie poczuwa si\u0119 do odpowiedzialno\u015bci za bardzo z\u0142y stan powietrza we wsi. Mimo to, dmuchawy wy\u0142\u0105czono po tym jak zasygnalizowali\u015bmy ceramice stan powietrza.&nbsp;Piece w ceramice s\u0105 ogrzewane gazem i pr\u0105dem, ale sam zak\u0142ad ogrzewany jest w\u0119glem. Kot\u0142y maj\u0105 specjalne dmuchawy, aby w\u0119giel szybciej si\u0119 pali\u0142. To w\u0142a\u015bnie te dmuchawy dzisiaj wy\u0142\u0105czono wskutek stanu powietrza we wsi.<\/p>\n\n\n\n<p>Ceramika jest ogrzewana w\u0119glem dopiero od tego tygodnia. Normy powietrza w Parowej od pocz\u0105tku miesi\u0105ca by\u0142y przekroczone ka\u017cdego dnia Pikuj\u0105c w okolicy godziny 20! Wie\u015b ma mn\u00f3stwo domach ogrzewanych tradycyjnymi piecami.<\/p>\n\n\n\n<p><em>&#8220;Przekroczone normy to jest mocno niepokoj\u0105ca sytuacja &#8211;\u00a0<\/em>m\u00f3wi\u00a0w\u00f3jt gminy Osiecznica, Waldemar Nalazek.<em>\u00a0&#8211;\u00a0Gmina od wielu lat prowadzi sw\u00f3j program poprawy stanu powietrza dofinansowuj\u0105c wymian\u0119 \u017ar\u00f3de\u0142 ciep\u0142a. Ka\u017cdy mieszkaniec,\u00a0kt\u00f3ry chce mie\u0107 bardziej ekologiczne \u017ar\u00f3d\u0142o ciep\u0142a, dostaje od nas 5000 z\u0142\u00a0ten program cieszy si\u0119 du\u017cym zainteresowaniem. B\u0119dziemy rozmawiali z tymi, kt\u00f3rzy potencjalnie najbardziej zanieczyszczaj\u0105 powietrze we wsi<\/em>&#8220;.<\/p>\n\n\n\n<p>\u017ar\u00f3d\u0142o: bolec.info<\/p>\n","protected":false},"excerpt":{"rendered":"<p>Czujnik smogu na szkole w Parowej wykaza\u0142 wczoraj 140 mikrogram\u00f3w PM2,5 na metr sze\u015bcienny. Raz wykaza\u0142 nawet 224 mcg\/m3. Podobne zanieczyszczenie jest w&#8230; D\u0105browie G\u00f3rniczej. Czujnik smogu z Edukacyjnej Sieci Antysmogowej zamontowany na Szkole Podstawowej w Parowej od rana \u015bwieci\u0142 si\u0119 na czerwono i wykaza\u0142\u00a0140 mikrogram\u00f3w PM2,5 na metr sze\u015bcienny (aktualna norma dobowa wed\u0142ug \u015awiatowej Organizacji Zdrowia\u00a0to 15 \u00b5g\/m3). To dziesi\u0119ciokrotne przekroczenie normy! Podobne zanieczyszczenie w Polsce mo\u017cna znale\u017a\u0107 obecnie tylko w okolicach D\u0105browy G\u00f3rniczej, gdzie mie\u015bci si\u0119 kilka kopal\u0144. Wynik Parowej jest najgorszy w naszym w powiecie i jak na miejscowo\u015b\u0107 otoczon\u0105 borami dolno\u015bl\u0105skimi, mo\u017cna powiedzie\u0107, \u017ce wynik jest [&hellip;]<\/p>\n","protected":false},"author":12,"featured_media":38363,"comment_status":"open","ping_status":"open","sticky":true,"template":"","format":"gallery","meta":{"_acf_changed":false,"fifu_image_url":"","fifu_image_alt":"","footnotes":""},"categories":[107,89],"tags":[4700,4701,1007,1053,1663,1950],"class_list":["post-38358","post","type-post","status-publish","format-gallery","has-post-thumbnail","hentry","category-dolny_slask","category-region","tag-parowa","tag-powiat-boleslawiecka","tag-powietrze","tag-smog","tag-wies","tag-zanieczyszczenia","post_format-post-format-gallery"],"acf":[],"_links":{"self":[{"href":"https:\/\/strimeo.tv\/archiwum\/wp-json\/wp\/v2\/posts\/38358","targetHints":{"allow":["GET"]}}],"collection":[{"href":"https:\/\/strimeo.tv\/archiwum\/wp-json\/wp\/v2\/posts"}],"about":[{"href":"https:\/\/strimeo.tv\/archiwum\/wp-json\/wp\/v2\/types\/post"}],"author":[{"embeddable":true,"href":"https:\/\/strimeo.tv\/archiwum\/wp-json\/wp\/v2\/users\/12"}],"replies":[{"embeddable":true,"href":"https:\/\/strimeo.tv\/archiwum\/wp-json\/wp\/v2\/comments?post=38358"}],"version-history":[{"count":1,"href":"https:\/\/strimeo.tv\/archiwum\/wp-json\/wp\/v2\/posts\/38358\/revisions"}],"predecessor-version":[{"id":38364,"href":"https:\/\/strimeo.tv\/archiwum\/wp-json\/wp\/v2\/posts\/38358\/revisions\/38364"}],"wp:featuredmedia":[{"embeddable":true,"href":"https:\/\/strimeo.tv\/archiwum\/wp-json\/wp\/v2\/media\/38363"}],"wp:attachment":[{"href":"https:\/\/strimeo.tv\/archiwum\/wp-json\/wp\/v2\/media?parent=38358"}],"wp:term":[{"taxonomy":"category","embeddable":true,"href":"https:\/\/strimeo.tv\/archiwum\/wp-json\/wp\/v2\/categories?post=38358"},{"taxonomy":"post_tag","embeddable":true,"href":"https:\/\/strimeo.tv\/archiwum\/wp-json\/wp\/v2\/tags?post=38358"}],"curies":[{"name":"wp","href":"https:\/\/api.w.org\/{rel}","templated":true}]}}