{"id":4371,"date":"2020-09-11T17:20:19","date_gmt":"2020-09-11T16:20:19","guid":{"rendered":"https:\/\/www.strimeo.tv\/?p=4371"},"modified":"2020-09-11T17:20:20","modified_gmt":"2020-09-11T16:20:20","slug":"czy-w-karpaczu-i-jeleniej-gorze-powstana-tory-saneczkowe","status":"publish","type":"post","link":"https:\/\/strimeo.tv\/archiwum\/czy-w-karpaczu-i-jeleniej-gorze-powstana-tory-saneczkowe\/","title":{"rendered":"Czy w Karpaczu i Jeleniej G\u00f3rze powstan\u0105 tory saneczkowe?"},"content":{"rendered":"\n<p> Tylko na Dolnym \u015al\u0105sku mamy 160 saneczkarzy z czego 94 uczy si\u0119 i trenuje w Karkonoszach. Maj\u0105 wielkie aspiracje, utytu\u0142owanych trener\u00f3w brakuje najwa\u017cniejszego\u2026 toru saneczkowego. Nawet mistrzostwa Polski rozgrywane s\u0105 w \u0142otewskiej Siguldzie.<\/p>\n\n\n\n<p>Od trzech lat trenerzy saneczkarstwa oraz dzia\u0142acze sportowi walcz\u0105 o to by w Karpaczu i Jeleniej G\u00f3rze powsta\u0142y dwa tory kompozytowe. Jak si\u0119 okazuje w najbli\u017cszych dw\u00f3ch latach plany te mog\u0105 si\u0119 zi\u015bci\u0107. Odby\u0142o si\u0119 ju\u017c spotkanie z potencjalnym wykonawc\u0105.<\/p>\n\n\n\n<p>450 metrowy tor w Karpaczu zast\u0105pi\u0142by\u00a0 ten zrujnowany i kosztowa\u0107 ma 3,5 miliona z\u0142otych natomiast ten w Jeleniej G\u00f3rze nie wi\u0119cej ni\u017c milion. Jednak w\u0142adze obu miast do inwestycji podchodz\u0105 ostro\u017cnie. Pieni\u0105dze w lwiej cz\u0119\u015bci pochodzi\u0107 maja z ministerstwa sportu. Decyzja o budowie tor\u00f3w saneczkowych b\u0119dzie krokiem milowym w rozwoju tej dyscypliny sportu.\u00a0<\/p>\n\n\n\n<figure class=\"wp-block-embed-facebook wp-block-embed is-type-video is-provider-facebook\"><div class=\"wp-block-embed__wrapper\">\nhttps:\/\/www.facebook.com\/strimeo\/videos\/1958144384315879\/?xts%5B0%5D=68.ARBASfMhcJJ_TTo4-A57rrHUqcJ6coeU1dg-fJV9wM4jTlCOqFFxRh_q7a45YsrtJLidJAp9Phdmzv6v_O1eu4g2qZkdE7137xP40qXaTZLVe3Nhi01ARlptcSZ41nVMVobs4DOWCfeWM4DxCYoOL3uqPFyA6pbAoc1PTObHcDBX_K500zsbhy2MhyeyDM3LCQTX5d-4X6WU59Zzw7xK7aH3yGCU-K6c9ybbE48Q7l6EPY66cAk8T_SL2b5MbpHtNo4lDLjsG0QYW61vVCYzq1wNm0JPTpiuavMII1m0oBpYOQCCAQJ4F9OpwnhX9Hc7cO454MJLhjeJpbYsCgId46J6OjysHAd9v-h7PA&#038;tn=-R\n<\/div><\/figure>\n ","protected":false},"excerpt":{"rendered":"<p>Mamy m\u0142odych saneczkarzy, olimpijczyk\u00f3w, \u015bwietn\u0105 kadr\u0119 i wol\u0119 walki. Dlaczego od lat w Karkonoszach nie mo\u017ce powsta\u0107 cho\u0107 jeden tor saneczkowy?<br \/>\nJest szansa, \u017ce ju\u017c nied\u0142ugo sytuacja ta si\u0119 zmieni.<\/p>\n","protected":false},"author":9,"featured_media":4372,"comment_status":"open","ping_status":"open","sticky":false,"template":"","format":"video","meta":{"_acf_changed":false,"fifu_image_url":"","fifu_image_alt":"","footnotes":""},"categories":[101,108,7],"tags":[823,216,303,821,56,822],"class_list":["post-4371","post","type-post","status-publish","format-video","has-post-thumbnail","hentry","category-karkonosze","category-polska","category-sport","tag-infrastruktura","tag-jelenia-gora","tag-karpacz","tag-saneczkarstwo","tag-sport","tag-tor-saneczkowy","post_format-post-format-video"],"acf":[],"_links":{"self":[{"href":"https:\/\/strimeo.tv\/archiwum\/wp-json\/wp\/v2\/posts\/4371","targetHints":{"allow":["GET"]}}],"collection":[{"href":"https:\/\/strimeo.tv\/archiwum\/wp-json\/wp\/v2\/posts"}],"about":[{"href":"https:\/\/strimeo.tv\/archiwum\/wp-json\/wp\/v2\/types\/post"}],"author":[{"embeddable":true,"href":"https:\/\/strimeo.tv\/archiwum\/wp-json\/wp\/v2\/users\/9"}],"replies":[{"embeddable":true,"href":"https:\/\/strimeo.tv\/archiwum\/wp-json\/wp\/v2\/comments?post=4371"}],"version-history":[{"count":1,"href":"https:\/\/strimeo.tv\/archiwum\/wp-json\/wp\/v2\/posts\/4371\/revisions"}],"predecessor-version":[{"id":4373,"href":"https:\/\/strimeo.tv\/archiwum\/wp-json\/wp\/v2\/posts\/4371\/revisions\/4373"}],"wp:featuredmedia":[{"embeddable":true,"href":"https:\/\/strimeo.tv\/archiwum\/wp-json\/wp\/v2\/media\/4372"}],"wp:attachment":[{"href":"https:\/\/strimeo.tv\/archiwum\/wp-json\/wp\/v2\/media?parent=4371"}],"wp:term":[{"taxonomy":"category","embeddable":true,"href":"https:\/\/strimeo.tv\/archiwum\/wp-json\/wp\/v2\/categories?post=4371"},{"taxonomy":"post_tag","embeddable":true,"href":"https:\/\/strimeo.tv\/archiwum\/wp-json\/wp\/v2\/tags?post=4371"}],"curies":[{"name":"wp","href":"https:\/\/api.w.org\/{rel}","templated":true}]}}