{"id":4738,"date":"2020-10-24T11:14:13","date_gmt":"2020-10-24T10:14:13","guid":{"rendered":"https:\/\/www.strimeo.tv\/?p=4738"},"modified":"2020-10-24T11:14:14","modified_gmt":"2020-10-24T10:14:14","slug":"zmiana-czasu-takze-na-kolei","status":"publish","type":"post","link":"https:\/\/strimeo.tv\/archiwum\/zmiana-czasu-takze-na-kolei\/","title":{"rendered":"Zmiana czasu tak\u017ce na kolei"},"content":{"rendered":"\n<p>W nocy z 24 na 25 pa\u017adziernika w Polsce nast\u0105pi zmiana czasu letniego na zimowy. Wskaz\u00f3wki zegar\u00f3w zostan\u0105 przesuni\u0119te z godziny 3:00 na 2:00. PKP Polskie Linie Kolejowe S.A. s\u0105 przygotowane do sprawnego prowadzenia ruchu poci\u0105g\u00f3w podczas zmiany czasu.<\/p>\n\n\n\n<p>Na zmian\u0119 czasu opracowany jest specjalny rozk\u0142ad jazdy. W zwi\u0105zku z cofni\u0119ciem wskaz\u00f3wek zegara z godziny 3:00 na 2:00 w nocy z 24 na 25 pa\u017adziernika, poci\u0105gi kursuj\u0105ce oko\u0142o godz. 3:00 zatrzymaj\u0105 si\u0119 na ok. 60 minut na najbli\u017cszej stacji, po czym wyrusz\u0105 w dalsz\u0105 drog\u0119. Godziny przyjazdu do docelowych miejscowo\u015bci nie zmieni\u0105 si\u0119.<\/p>\n\n\n\n<p>Post\u00f3j obejmie tylko poci\u0105gi jad\u0105ce w momencie zmiany czasu. Sk\u0142ady wyje\u017cd\u017caj\u0105ce wed\u0142ug nowego czasu w niedziel\u0119 25 pa\u017adziernika, b\u0119d\u0105 kursowa\u0107 zgodnie z obowi\u0105zuj\u0105cym rozk\u0142adem jazdy.<\/p>\n\n\n\n<p>Informacji o kursowaniu poci\u0105g\u00f3w udzielaj\u0105 przewo\u017anicy kolejowi. Szczeg\u00f3\u0142\u00f3w mo\u017cna si\u0119 dowiedzie\u0107 np. za po\u015brednictwem stron internetowych przewo\u017anik\u00f3w, ich profil\u00f3w na Facebooku, infolinii oraz u konduktor\u00f3w. Aktualny rozk\u0142ad jazdy mo\u017cna tak\u017ce sprawdzi\u0107 na <a href=\"https:\/\/portalpasazera.pl\/\">https:\/\/portalpasazera.pl\/<\/a>&nbsp;<\/p>\n\n\n\n<p>Zmiana \u015brodkowoeuropejskiego czasu letniego (CLSE) na zimowy czas \u015brodkowoeuropejski (CSE) odbywa si\u0119 w Polsce na podstawie rozporz\u0105dzenia Prezesa Rady Ministr\u00f3w z dnia 3 listopada 2016 r. w sprawie wprowadzenia i odwo\u0142ania czasu letniego \u015brodkowoeuropejskiego w latach 2017-2021. Przesuni\u0119cie czasu w ostatni weekend pa\u017adziernika odbywa si\u0119 co roku w blisko 70 krajach na ca\u0142ym \u015bwiecie.<\/p>\n\n\n\n<p>\u017ar\u00f3d\u0142o : PKP Polskie Linie Kolejowe S.A<br><\/p>\n ","protected":false},"excerpt":{"rendered":"<p>W nocy z 24 na 25 pa\u017adziernika w Polsce nast\u0105pi zmiana czasu letniego na zimowy. Wskaz\u00f3wki zegar\u00f3w zostan\u0105 przesuni\u0119te z godziny 3:00 na 2:00. PKP Polskie Linie Kolejowe S.A. s\u0105 przygotowane do sprawnego prowadzenia ruchu poci\u0105g\u00f3w podczas zmiany czasu. Na zmian\u0119 czasu opracowany jest specjalny rozk\u0142ad jazdy. W zwi\u0105zku z cofni\u0119ciem wskaz\u00f3wek zegara z godziny 3:00 na 2:00 w nocy z 24 na 25 pa\u017adziernika, poci\u0105gi kursuj\u0105ce oko\u0142o godz. 3:00 zatrzymaj\u0105 si\u0119 na ok. 60 minut na najbli\u017cszej stacji, po czym wyrusz\u0105 w dalsz\u0105 drog\u0119. Godziny przyjazdu do docelowych miejscowo\u015bci nie zmieni\u0105 si\u0119. Post\u00f3j obejmie tylko poci\u0105gi jad\u0105ce w momencie [&hellip;]<\/p>\n","protected":false},"author":12,"featured_media":4724,"comment_status":"open","ping_status":"open","sticky":true,"template":"","format":"standard","meta":{"_acf_changed":false,"fifu_image_url":"","fifu_image_alt":"","footnotes":""},"categories":[107,112],"tags":[981,529,580,982],"class_list":["post-4738","post","type-post","status-publish","format-standard","has-post-thumbnail","hentry","category-dolny_slask","category-nie_przegap","tag-koleje","tag-pociagi","tag-region","tag-zmiana-czas"],"acf":[],"_links":{"self":[{"href":"https:\/\/strimeo.tv\/archiwum\/wp-json\/wp\/v2\/posts\/4738","targetHints":{"allow":["GET"]}}],"collection":[{"href":"https:\/\/strimeo.tv\/archiwum\/wp-json\/wp\/v2\/posts"}],"about":[{"href":"https:\/\/strimeo.tv\/archiwum\/wp-json\/wp\/v2\/types\/post"}],"author":[{"embeddable":true,"href":"https:\/\/strimeo.tv\/archiwum\/wp-json\/wp\/v2\/users\/12"}],"replies":[{"embeddable":true,"href":"https:\/\/strimeo.tv\/archiwum\/wp-json\/wp\/v2\/comments?post=4738"}],"version-history":[{"count":1,"href":"https:\/\/strimeo.tv\/archiwum\/wp-json\/wp\/v2\/posts\/4738\/revisions"}],"predecessor-version":[{"id":4739,"href":"https:\/\/strimeo.tv\/archiwum\/wp-json\/wp\/v2\/posts\/4738\/revisions\/4739"}],"wp:featuredmedia":[{"embeddable":true,"href":"https:\/\/strimeo.tv\/archiwum\/wp-json\/wp\/v2\/media\/4724"}],"wp:attachment":[{"href":"https:\/\/strimeo.tv\/archiwum\/wp-json\/wp\/v2\/media?parent=4738"}],"wp:term":[{"taxonomy":"category","embeddable":true,"href":"https:\/\/strimeo.tv\/archiwum\/wp-json\/wp\/v2\/categories?post=4738"},{"taxonomy":"post_tag","embeddable":true,"href":"https:\/\/strimeo.tv\/archiwum\/wp-json\/wp\/v2\/tags?post=4738"}],"curies":[{"name":"wp","href":"https:\/\/api.w.org\/{rel}","templated":true}]}}